{"id":14081,"date":"2020-09-16T19:25:27","date_gmt":"2020-09-16T23:25:27","guid":{"rendered":"https:\/\/7f3f0783c8.nxcli.net\/?p=14081"},"modified":"2020-09-21T15:16:52","modified_gmt":"2020-09-21T19:16:52","slug":"des-probiotiques-pour-les-allergies-infantiles","status":"publish","type":"post","link":"https:\/\/viragesante.com\/en\/des-probiotiques-pour-les-allergies-infantiles\/","title":{"rendered":"Des probiotiques pour les allergies infantiles"},"content":{"rendered":"<p style=\"margin-bottom: 0cm;\"><img decoding=\"async\" title=\"Des probiotiques pour les allergies infantiles\" src=\"https:\/\/www.viragesante.com\/\/pub\/media\/wysiwyg\/allergies-infantiles600px.jpg\" alt=\"\" \/>Les allergies sont une r\u00e9action d&#8217;hypersensibilit\u00e9 provoqu\u00e9e par les m\u00e9canismes immunologiques, autrement dit les d\u00e9fenses de l&#8217;organisme. Leur pr\u00e9valence chez les enfants a augment\u00e9 au cours des derni\u00e8res d\u00e9cennies et l\u2019on en attribue la cause \u00e0 des changements dans les facteurs environnementaux. Ce qu\u2019on appelle \u00ab\u00a0l\u2019hypoth\u00e8se hygi\u00e9nique\u00a0\u00bb sugg\u00e8re que cette tendance serait due en grande partie \u00e0 un contact insuffisant aux stimuli microbiens t\u00f4t pendant l\u2019enfance.<\/p>\n<p>&nbsp;<\/p>\n<h4><strong>La microflore intestinale<\/strong><\/h4>\n<p style=\"margin-bottom: 0cm;\">On a r\u00e9cemment soulign\u00e9 l\u2019importance du r\u00f4le de la microflore intestinale pour maintenir le bon fonctionnement de la barri\u00e8re intestinale et pour le d\u00e9veloppement d\u2019un \u00e9tat immunitaire amenant une tol\u00e9rance. Des \u00e9tudes \u00e9pid\u00e9miologiques ont d\u00e9montr\u00e9 que les enfants souffrant d\u2019<strong>atopie<\/strong> (maladie allergique par inhalation de la peau) ont une flore intestinale diff\u00e9rente de celle des enfants en bonne sant\u00e9. En effet, on retrouve plus souvent les bact\u00e9ries lactiques et les bifidobact\u00e9ries dans la composition de la flore intestinale des enfants qui n\u2019ont pas d\u2019allergies.<\/p>\n<p>&nbsp;<\/p>\n<p style=\"margin-bottom: 0cm;\">Ces r\u00e9sultats laissent entendre que certains microbes intestinaux viennent moduler les cellules immunologiques (\u00e9quilibrer les r\u00e9actions des cellules du syst\u00e8me de d\u00e9fense de l\u2019organisme), neutralisant ainsi les affections allergiques. En outre, l&#8217;<strong>usage de probiotiques<\/strong> afin d&#8217;accro\u00eetre la pr\u00e9sence de certaines bact\u00e9ries dans le microbiote intestinal serait en corr\u00e9lation avec la protection contre l\u2019atopie, contribuant ainsi \u00e0 d\u00e9finir la r\u00e9ponse immunitaire de l\u2019h\u00f4te, en particulier chez l\u2019enfant.<\/p>\n<p>&nbsp;<\/p>\n<h4><strong>Dermatite atopique (Ecz\u00e9ma)<\/strong><\/h4>\n<p style=\"margin-bottom: 0cm;\">De plus, on a observ\u00e9 l\u2019impact que peuvent avoir les <strong>pr\u00e9biotiques<\/strong> sur l&#8217;incidence de la dermatire atopique. Des \u00e9tudes ont d\u00e9montr\u00e9 pour la premi\u00e8re fois un effet b\u00e9n\u00e9fique des pr\u00e9biotiques sur son d\u00e9veloppement\u00a0: l&#8217;<strong>arabinogalactane<\/strong> peut moduler le d\u00e9veloppement immunitaire postnatal en modifiant la flore intestinale et pourrait s&#8217;av\u00e9rer un \u00e9l\u00e9ment de premier plan dans la pr\u00e9vention des allergies chez l\u2019enfant.<\/p>\n<p>&nbsp;<\/p>\n<p style=\"margin-bottom: 0cm;\">Certains symbiotiques (des probiotiques avec pr\u00e9biotique) montrent des signes encourageants et pourraient devenir de pr\u00e9cieux outils dans la pr\u00e9vention et le traitement des maladies allergiques.<\/p>\n<p>&nbsp;<\/p>\n<h6>Par\u00a0Sandrine Briatte, B. Sc. Biochimie, M. Sc. Biologie<br \/>\nTir\u00e9 de Healthy Directions, August\/September 2010<\/h6>\n<p>&nbsp;<\/p>\n<h6><span style=\"text-decoration: underline;\">Sources<\/span><br \/>\nKalliomaki M, Isaulauri E. r\u00f4le of intestinal flora in the developpement of allergy. Curr Opin Allergy Clin Immunol, 2003; 3(1)\u00a0: 15-20.<br \/>\nHe F, Ouwehand AC, Isaulauri E et al. Comparison of mucosal adhesion and species identification of bifidobacteria isolated from healthy and allergic infants. FEMS Imm Med Microbiol. 2001; 30:43-47.<\/h6>\n","protected":false},"excerpt":{"rendered":"<p>Les allergies sont une r\u00e9action d&#8217;hypersensibilit\u00e9 provoqu\u00e9e par les m\u00e9canismes immunologiques, autrement dit les d\u00e9fenses de l&#8217;organisme. Leur pr\u00e9valence chez les enfants a augment\u00e9 au cours des derni\u00e8res d\u00e9cennies et l\u2019on en attribue la cause \u00e0 des changements dans les facteurs environnementaux. Ce qu\u2019on appelle \u00ab\u00a0l\u2019hypoth\u00e8se hygi\u00e9nique\u00a0\u00bb sugg\u00e8re que cette tendance serait due en grande [&hellip;]<\/p>\n","protected":false},"author":1,"featured_media":0,"comment_status":"open","ping_status":"open","sticky":false,"template":"","format":"standard","meta":{"_acf_changed":false,"site-sidebar-layout":"default","site-content-layout":"default","ast-site-content-layout":"default","site-content-style":"default","site-sidebar-style":"default","ast-global-header-display":"","ast-banner-title-visibility":"","ast-main-header-display":"","ast-hfb-above-header-display":"","ast-hfb-below-header-display":"","ast-hfb-mobile-header-display":"","site-post-title":"","ast-breadcrumbs-content":"","ast-featured-img":"","footer-sml-layout":"","ast-disable-related-posts":"","theme-transparent-header-meta":"default","adv-header-id-meta":"","stick-header-meta":"","header-above-stick-meta":"","header-main-stick-meta":"","header-below-stick-meta":"","astra-migrate-meta-layouts":"default","ast-page-background-enabled":"default","ast-page-background-meta":{"desktop":{"background-color":"","background-image":"","background-repeat":"repeat","background-position":"center center","background-size":"auto","background-attachment":"scroll","background-type":"","background-media":"","overlay-type":"","overlay-color":"","overlay-opacity":"","overlay-gradient":""},"tablet":{"background-color":"","background-image":"","background-repeat":"repeat","background-position":"center center","background-size":"auto","background-attachment":"scroll","background-type":"","background-media":"","overlay-type":"","overlay-color":"","overlay-opacity":"","overlay-gradient":""},"mobile":{"background-color":"","background-image":"","background-repeat":"repeat","background-position":"center center","background-size":"auto","background-attachment":"scroll","background-type":"","background-media":"","overlay-type":"","overlay-color":"","overlay-opacity":"","overlay-gradient":""}},"ast-content-background-meta":{"desktop":{"background-color":"var(--ast-global-color-5)","background-image":"","background-repeat":"repeat","background-position":"center center","background-size":"auto","background-attachment":"scroll","background-type":"","background-media":"","overlay-type":"","overlay-color":"","overlay-opacity":"","overlay-gradient":""},"tablet":{"background-color":"var(--ast-global-color-5)","background-image":"","background-repeat":"repeat","background-position":"center center","background-size":"auto","background-attachment":"scroll","background-type":"","background-media":"","overlay-type":"","overlay-color":"","overlay-opacity":"","overlay-gradient":""},"mobile":{"background-color":"var(--ast-global-color-5)","background-image":"","background-repeat":"repeat","background-position":"center center","background-size":"auto","background-attachment":"scroll","background-type":"","background-media":"","overlay-type":"","overlay-color":"","overlay-opacity":"","overlay-gradient":""}},"footnotes":""},"categories":[1057,1086],"tags":[],"class_list":["post-14081","post","type-post","status-publish","format-standard","hentry","category-apprendre","category-sante-globale"],"acf":[],"yoast_head":"<!-- This site is optimized with the Yoast SEO plugin v27.4 - https:\/\/yoast.com\/product\/yoast-seo-wordpress\/ -->\n<title>Des probiotiques pour les allergies infantiles &#8211; Virage Sant\u00e9 inc.<\/title>\n<meta name=\"robots\" content=\"index, follow, max-snippet:-1, max-image-preview:large, max-video-preview:-1\" \/>\n<link rel=\"canonical\" href=\"https:\/\/viragesante.com\/en\/des-probiotiques-pour-les-allergies-infantiles\/\" \/>\n<meta property=\"og:locale\" content=\"en_US\" \/>\n<meta property=\"og:type\" content=\"article\" \/>\n<meta property=\"og:title\" content=\"Des probiotiques pour les allergies infantiles &#8211; Virage Sant\u00e9 inc.\" \/>\n<meta property=\"og:description\" content=\"Les allergies sont une r\u00e9action d&#8217;hypersensibilit\u00e9 provoqu\u00e9e par les m\u00e9canismes immunologiques, autrement dit les d\u00e9fenses de l&#8217;organisme. Leur pr\u00e9valence chez les enfants a augment\u00e9 au cours des derni\u00e8res d\u00e9cennies et l\u2019on en attribue la cause \u00e0 des changements dans les facteurs environnementaux. Ce qu\u2019on appelle \u00ab\u00a0l\u2019hypoth\u00e8se hygi\u00e9nique\u00a0\u00bb sugg\u00e8re que cette tendance serait due en grande [&hellip;]\" \/>\n<meta property=\"og:url\" content=\"https:\/\/viragesante.com\/en\/des-probiotiques-pour-les-allergies-infantiles\/\" \/>\n<meta property=\"og:site_name\" content=\"Virage Sant\u00e9 inc.\" \/>\n<meta property=\"article:published_time\" content=\"2020-09-16T23:25:27+00:00\" \/>\n<meta property=\"article:modified_time\" content=\"2020-09-21T19:16:52+00:00\" \/>\n<meta property=\"og:image\" content=\"https:\/\/www.viragesante.com\/\/pub\/media\/wysiwyg\/allergies-infantiles600px.jpg\" \/>\n<meta name=\"author\" content=\"Webologie\" \/>\n<meta name=\"twitter:card\" content=\"summary_large_image\" \/>\n<meta name=\"twitter:label1\" content=\"Written by\" \/>\n\t<meta name=\"twitter:data1\" content=\"Webologie\" \/>\n\t<meta name=\"twitter:label2\" content=\"Est. reading time\" \/>\n\t<meta name=\"twitter:data2\" content=\"2 minutes\" \/>\n<script type=\"application\/ld+json\" class=\"yoast-schema-graph\">{\"@context\":\"https:\\\/\\\/schema.org\",\"@graph\":[{\"@type\":\"Article\",\"@id\":\"https:\\\/\\\/viragesante.com\\\/en\\\/des-probiotiques-pour-les-allergies-infantiles\\\/#article\",\"isPartOf\":{\"@id\":\"https:\\\/\\\/viragesante.com\\\/en\\\/des-probiotiques-pour-les-allergies-infantiles\\\/\"},\"author\":{\"name\":\"Webologie\",\"@id\":\"https:\\\/\\\/viragesante.com\\\/en\\\/#\\\/schema\\\/person\\\/0e1b781bd9043f04bfe38709ed876835\"},\"headline\":\"Des probiotiques pour les allergies infantiles\",\"datePublished\":\"2020-09-16T23:25:27+00:00\",\"dateModified\":\"2020-09-21T19:16:52+00:00\",\"mainEntityOfPage\":{\"@id\":\"https:\\\/\\\/viragesante.com\\\/en\\\/des-probiotiques-pour-les-allergies-infantiles\\\/\"},\"wordCount\":449,\"commentCount\":0,\"publisher\":{\"@id\":\"https:\\\/\\\/viragesante.com\\\/en\\\/#organization\"},\"image\":{\"@id\":\"https:\\\/\\\/viragesante.com\\\/en\\\/des-probiotiques-pour-les-allergies-infantiles\\\/#primaryimage\"},\"thumbnailUrl\":\"https:\\\/\\\/www.viragesante.com\\\/\\\/pub\\\/media\\\/wysiwyg\\\/allergies-infantiles600px.jpg\",\"articleSection\":[\"Apprendre\",\"Sant\u00e9 globale\"],\"inLanguage\":\"en-CA\"},{\"@type\":\"WebPage\",\"@id\":\"https:\\\/\\\/viragesante.com\\\/en\\\/des-probiotiques-pour-les-allergies-infantiles\\\/\",\"url\":\"https:\\\/\\\/viragesante.com\\\/en\\\/des-probiotiques-pour-les-allergies-infantiles\\\/\",\"name\":\"Des probiotiques pour les allergies infantiles &#8211; Virage Sant\u00e9 inc.\",\"isPartOf\":{\"@id\":\"https:\\\/\\\/viragesante.com\\\/en\\\/#website\"},\"primaryImageOfPage\":{\"@id\":\"https:\\\/\\\/viragesante.com\\\/en\\\/des-probiotiques-pour-les-allergies-infantiles\\\/#primaryimage\"},\"image\":{\"@id\":\"https:\\\/\\\/viragesante.com\\\/en\\\/des-probiotiques-pour-les-allergies-infantiles\\\/#primaryimage\"},\"thumbnailUrl\":\"https:\\\/\\\/www.viragesante.com\\\/\\\/pub\\\/media\\\/wysiwyg\\\/allergies-infantiles600px.jpg\",\"datePublished\":\"2020-09-16T23:25:27+00:00\",\"dateModified\":\"2020-09-21T19:16:52+00:00\",\"breadcrumb\":{\"@id\":\"https:\\\/\\\/viragesante.com\\\/en\\\/des-probiotiques-pour-les-allergies-infantiles\\\/#breadcrumb\"},\"inLanguage\":\"en-CA\",\"potentialAction\":[{\"@type\":\"ReadAction\",\"target\":[\"https:\\\/\\\/viragesante.com\\\/en\\\/des-probiotiques-pour-les-allergies-infantiles\\\/\"]}]},{\"@type\":\"ImageObject\",\"inLanguage\":\"en-CA\",\"@id\":\"https:\\\/\\\/viragesante.com\\\/en\\\/des-probiotiques-pour-les-allergies-infantiles\\\/#primaryimage\",\"url\":\"https:\\\/\\\/www.viragesante.com\\\/\\\/pub\\\/media\\\/wysiwyg\\\/allergies-infantiles600px.jpg\",\"contentUrl\":\"https:\\\/\\\/www.viragesante.com\\\/\\\/pub\\\/media\\\/wysiwyg\\\/allergies-infantiles600px.jpg\"},{\"@type\":\"BreadcrumbList\",\"@id\":\"https:\\\/\\\/viragesante.com\\\/en\\\/des-probiotiques-pour-les-allergies-infantiles\\\/#breadcrumb\",\"itemListElement\":[{\"@type\":\"ListItem\",\"position\":1,\"name\":\"Home\",\"item\":\"https:\\\/\\\/viragesante.com\\\/en\\\/\"},{\"@type\":\"ListItem\",\"position\":2,\"name\":\"Des probiotiques pour les allergies infantiles\"}]},{\"@type\":\"WebSite\",\"@id\":\"https:\\\/\\\/viragesante.com\\\/en\\\/#website\",\"url\":\"https:\\\/\\\/viragesante.com\\\/en\\\/\",\"name\":\"Virage Sant\u00e9 inc.\",\"description\":\"Tisanes et th\u00e9s biologiques Lalma\",\"publisher\":{\"@id\":\"https:\\\/\\\/viragesante.com\\\/en\\\/#organization\"},\"potentialAction\":[{\"@type\":\"SearchAction\",\"target\":{\"@type\":\"EntryPoint\",\"urlTemplate\":\"https:\\\/\\\/viragesante.com\\\/en\\\/?s={search_term_string}\"},\"query-input\":{\"@type\":\"PropertyValueSpecification\",\"valueRequired\":true,\"valueName\":\"search_term_string\"}}],\"inLanguage\":\"en-CA\"},{\"@type\":\"Organization\",\"@id\":\"https:\\\/\\\/viragesante.com\\\/en\\\/#organization\",\"name\":\"Virage Sant\u00e9 Inc.\",\"url\":\"https:\\\/\\\/viragesante.com\\\/en\\\/\",\"logo\":{\"@type\":\"ImageObject\",\"inLanguage\":\"en-CA\",\"@id\":\"https:\\\/\\\/viragesante.com\\\/en\\\/#\\\/schema\\\/logo\\\/image\\\/\",\"url\":\"https:\\\/\\\/7f3f0783c8.nxcli.net\\\/wp-content\\\/uploads\\\/2020\\\/07\\\/logo-VirageSante.png\",\"contentUrl\":\"https:\\\/\\\/7f3f0783c8.nxcli.net\\\/wp-content\\\/uploads\\\/2020\\\/07\\\/logo-VirageSante.png\",\"width\":156,\"height\":126,\"caption\":\"Virage Sant\u00e9 Inc.\"},\"image\":{\"@id\":\"https:\\\/\\\/viragesante.com\\\/en\\\/#\\\/schema\\\/logo\\\/image\\\/\"}},{\"@type\":\"Person\",\"@id\":\"https:\\\/\\\/viragesante.com\\\/en\\\/#\\\/schema\\\/person\\\/0e1b781bd9043f04bfe38709ed876835\",\"name\":\"Webologie\",\"image\":{\"@type\":\"ImageObject\",\"inLanguage\":\"en-CA\",\"@id\":\"https:\\\/\\\/secure.gravatar.com\\\/avatar\\\/d7a439401a4e1bed255693a8f286e2cd253d003a11784952a0608c57da8666bd?s=96&d=mm&r=g\",\"url\":\"https:\\\/\\\/secure.gravatar.com\\\/avatar\\\/d7a439401a4e1bed255693a8f286e2cd253d003a11784952a0608c57da8666bd?s=96&d=mm&r=g\",\"contentUrl\":\"https:\\\/\\\/secure.gravatar.com\\\/avatar\\\/d7a439401a4e1bed255693a8f286e2cd253d003a11784952a0608c57da8666bd?s=96&d=mm&r=g\",\"caption\":\"Webologie\"}}]}<\/script>\n<!-- \/ Yoast SEO plugin. -->","yoast_head_json":{"title":"Des probiotiques pour les allergies infantiles &#8211; Virage Sant\u00e9 inc.","robots":{"index":"index","follow":"follow","max-snippet":"max-snippet:-1","max-image-preview":"max-image-preview:large","max-video-preview":"max-video-preview:-1"},"canonical":"https:\/\/viragesante.com\/en\/des-probiotiques-pour-les-allergies-infantiles\/","og_locale":"en_US","og_type":"article","og_title":"Des probiotiques pour les allergies infantiles &#8211; Virage Sant\u00e9 inc.","og_description":"Les allergies sont une r\u00e9action d&#8217;hypersensibilit\u00e9 provoqu\u00e9e par les m\u00e9canismes immunologiques, autrement dit les d\u00e9fenses de l&#8217;organisme. Leur pr\u00e9valence chez les enfants a augment\u00e9 au cours des derni\u00e8res d\u00e9cennies et l\u2019on en attribue la cause \u00e0 des changements dans les facteurs environnementaux. Ce qu\u2019on appelle \u00ab\u00a0l\u2019hypoth\u00e8se hygi\u00e9nique\u00a0\u00bb sugg\u00e8re que cette tendance serait due en grande [&hellip;]","og_url":"https:\/\/viragesante.com\/en\/des-probiotiques-pour-les-allergies-infantiles\/","og_site_name":"Virage Sant\u00e9 inc.","article_published_time":"2020-09-16T23:25:27+00:00","article_modified_time":"2020-09-21T19:16:52+00:00","og_image":[{"url":"https:\/\/www.viragesante.com\/\/pub\/media\/wysiwyg\/allergies-infantiles600px.jpg","type":"","width":"","height":""}],"author":"Webologie","twitter_card":"summary_large_image","twitter_misc":{"Written by":"Webologie","Est. reading time":"2 minutes"},"schema":{"@context":"https:\/\/schema.org","@graph":[{"@type":"Article","@id":"https:\/\/viragesante.com\/en\/des-probiotiques-pour-les-allergies-infantiles\/#article","isPartOf":{"@id":"https:\/\/viragesante.com\/en\/des-probiotiques-pour-les-allergies-infantiles\/"},"author":{"name":"Webologie","@id":"https:\/\/viragesante.com\/en\/#\/schema\/person\/0e1b781bd9043f04bfe38709ed876835"},"headline":"Des probiotiques pour les allergies infantiles","datePublished":"2020-09-16T23:25:27+00:00","dateModified":"2020-09-21T19:16:52+00:00","mainEntityOfPage":{"@id":"https:\/\/viragesante.com\/en\/des-probiotiques-pour-les-allergies-infantiles\/"},"wordCount":449,"commentCount":0,"publisher":{"@id":"https:\/\/viragesante.com\/en\/#organization"},"image":{"@id":"https:\/\/viragesante.com\/en\/des-probiotiques-pour-les-allergies-infantiles\/#primaryimage"},"thumbnailUrl":"https:\/\/www.viragesante.com\/\/pub\/media\/wysiwyg\/allergies-infantiles600px.jpg","articleSection":["Apprendre","Sant\u00e9 globale"],"inLanguage":"en-CA"},{"@type":"WebPage","@id":"https:\/\/viragesante.com\/en\/des-probiotiques-pour-les-allergies-infantiles\/","url":"https:\/\/viragesante.com\/en\/des-probiotiques-pour-les-allergies-infantiles\/","name":"Des probiotiques pour les allergies infantiles &#8211; Virage Sant\u00e9 inc.","isPartOf":{"@id":"https:\/\/viragesante.com\/en\/#website"},"primaryImageOfPage":{"@id":"https:\/\/viragesante.com\/en\/des-probiotiques-pour-les-allergies-infantiles\/#primaryimage"},"image":{"@id":"https:\/\/viragesante.com\/en\/des-probiotiques-pour-les-allergies-infantiles\/#primaryimage"},"thumbnailUrl":"https:\/\/www.viragesante.com\/\/pub\/media\/wysiwyg\/allergies-infantiles600px.jpg","datePublished":"2020-09-16T23:25:27+00:00","dateModified":"2020-09-21T19:16:52+00:00","breadcrumb":{"@id":"https:\/\/viragesante.com\/en\/des-probiotiques-pour-les-allergies-infantiles\/#breadcrumb"},"inLanguage":"en-CA","potentialAction":[{"@type":"ReadAction","target":["https:\/\/viragesante.com\/en\/des-probiotiques-pour-les-allergies-infantiles\/"]}]},{"@type":"ImageObject","inLanguage":"en-CA","@id":"https:\/\/viragesante.com\/en\/des-probiotiques-pour-les-allergies-infantiles\/#primaryimage","url":"https:\/\/www.viragesante.com\/\/pub\/media\/wysiwyg\/allergies-infantiles600px.jpg","contentUrl":"https:\/\/www.viragesante.com\/\/pub\/media\/wysiwyg\/allergies-infantiles600px.jpg"},{"@type":"BreadcrumbList","@id":"https:\/\/viragesante.com\/en\/des-probiotiques-pour-les-allergies-infantiles\/#breadcrumb","itemListElement":[{"@type":"ListItem","position":1,"name":"Home","item":"https:\/\/viragesante.com\/en\/"},{"@type":"ListItem","position":2,"name":"Des probiotiques pour les allergies infantiles"}]},{"@type":"WebSite","@id":"https:\/\/viragesante.com\/en\/#website","url":"https:\/\/viragesante.com\/en\/","name":"Virage Sant\u00e9 inc.","description":"Tisanes et th\u00e9s biologiques Lalma","publisher":{"@id":"https:\/\/viragesante.com\/en\/#organization"},"potentialAction":[{"@type":"SearchAction","target":{"@type":"EntryPoint","urlTemplate":"https:\/\/viragesante.com\/en\/?s={search_term_string}"},"query-input":{"@type":"PropertyValueSpecification","valueRequired":true,"valueName":"search_term_string"}}],"inLanguage":"en-CA"},{"@type":"Organization","@id":"https:\/\/viragesante.com\/en\/#organization","name":"Virage Sant\u00e9 Inc.","url":"https:\/\/viragesante.com\/en\/","logo":{"@type":"ImageObject","inLanguage":"en-CA","@id":"https:\/\/viragesante.com\/en\/#\/schema\/logo\/image\/","url":"https:\/\/7f3f0783c8.nxcli.net\/wp-content\/uploads\/2020\/07\/logo-VirageSante.png","contentUrl":"https:\/\/7f3f0783c8.nxcli.net\/wp-content\/uploads\/2020\/07\/logo-VirageSante.png","width":156,"height":126,"caption":"Virage Sant\u00e9 Inc."},"image":{"@id":"https:\/\/viragesante.com\/en\/#\/schema\/logo\/image\/"}},{"@type":"Person","@id":"https:\/\/viragesante.com\/en\/#\/schema\/person\/0e1b781bd9043f04bfe38709ed876835","name":"Webologie","image":{"@type":"ImageObject","inLanguage":"en-CA","@id":"https:\/\/secure.gravatar.com\/avatar\/d7a439401a4e1bed255693a8f286e2cd253d003a11784952a0608c57da8666bd?s=96&d=mm&r=g","url":"https:\/\/secure.gravatar.com\/avatar\/d7a439401a4e1bed255693a8f286e2cd253d003a11784952a0608c57da8666bd?s=96&d=mm&r=g","contentUrl":"https:\/\/secure.gravatar.com\/avatar\/d7a439401a4e1bed255693a8f286e2cd253d003a11784952a0608c57da8666bd?s=96&d=mm&r=g","caption":"Webologie"}}]}},"_links":{"self":[{"href":"https:\/\/viragesante.com\/en\/wp-json\/wp\/v2\/posts\/14081","targetHints":{"allow":["GET"]}}],"collection":[{"href":"https:\/\/viragesante.com\/en\/wp-json\/wp\/v2\/posts"}],"about":[{"href":"https:\/\/viragesante.com\/en\/wp-json\/wp\/v2\/types\/post"}],"author":[{"embeddable":true,"href":"https:\/\/viragesante.com\/en\/wp-json\/wp\/v2\/users\/1"}],"replies":[{"embeddable":true,"href":"https:\/\/viragesante.com\/en\/wp-json\/wp\/v2\/comments?post=14081"}],"version-history":[{"count":1,"href":"https:\/\/viragesante.com\/en\/wp-json\/wp\/v2\/posts\/14081\/revisions"}],"predecessor-version":[{"id":14083,"href":"https:\/\/viragesante.com\/en\/wp-json\/wp\/v2\/posts\/14081\/revisions\/14083"}],"wp:attachment":[{"href":"https:\/\/viragesante.com\/en\/wp-json\/wp\/v2\/media?parent=14081"}],"wp:term":[{"taxonomy":"category","embeddable":true,"href":"https:\/\/viragesante.com\/en\/wp-json\/wp\/v2\/categories?post=14081"},{"taxonomy":"post_tag","embeddable":true,"href":"https:\/\/viragesante.com\/en\/wp-json\/wp\/v2\/tags?post=14081"}],"curies":[{"name":"wp","href":"https:\/\/api.w.org\/{rel}","templated":true}]}}